{"id":452,"date":"2014-04-28T10:41:53","date_gmt":"2014-04-28T09:41:53","guid":{"rendered":"http:\/\/www.marcinwilk.eu\/?p=452"},"modified":"2014-04-28T10:53:48","modified_gmt":"2014-04-28T09:53:48","slug":"rajd-dla-kamila","status":"publish","type":"post","link":"https:\/\/www.marcinwilk.eu\/en\/2014\/04\/rajd-dla-kamila\/","title":{"rendered":"Rajd dla Kamila"},"content":{"rendered":"<table style=\"height: 400px; width: 600px;\" border=\"0\" cellspacing=\"0\" cellpadding=\"0\" align=\"center\">\n<tbody>\n<tr>\n<td style=\"text-align: center; width: 289px;\"><a href=\"http:\/\/www.olechnowicz.eu\/images\/plakat_lrg.jpg\" target=\"_blank\" rel=\"boxplus\"><img decoding=\"async\" style=\"width: 289px; height: 400px; border-width: 0px; border-style: solid;\" src=\"http:\/\/www.olechnowicz.eu\/images\/plakat_sml.jpg\" alt=\"\" \/><\/a><\/td>\n<td style=\"width: 216px; text-align: center; vertical-align: top;\">\n<table style=\"width: 100%; height: 400px;\" border=\"0\" cellspacing=\"0\" cellpadding=\"0\">\n<tbody>\n<tr>\n<td><\/td>\n<\/tr>\n<tr>\n<td>27-letni Kamil Nowocie\u0144 jest naszym przyjacielem.W styczniu bie\u017c\u0105cego roku uleg\u0142 wypadkowi, w wyniku czego porusza si\u0119 na w\u00f3zku inwalidzkim. Z ca\u0142ego serca pragniemy pom\u00f3c Kamilowi stan\u0105\u0107 na nogi w zwi\u0105zku z czym serdecznie zach\u0119camy do pomocy 4 maja (niedziela) na KJS (Konkursowa Jazda Samochodem), podczas kt\u00f3rego odb\u0119dzie si\u0119 zbi\u00f3rka pieni\u0119dzy na kosztowne i intensywne rehabilitacje.<\/p>\n<p>Organizatorem zbi\u00f3rki na rzecz Kamila jest Fundacja Wzajemnej Pomocy \"SUPRA\"<\/p>\n<p>KRS: 0000421093<\/td>\n<\/tr>\n<\/tbody>\n<\/table>\n<\/td>\n<\/tr>\n<\/tbody>\n<\/table>\n<input class=\"fooboxshare_post_id\" type=\"hidden\" value=\"452\"\/>","protected":false},"excerpt":{"rendered":"<p>27-letni Kamil Nowocie\u0144 jest naszym przyjacielem.W styczniu bie\u017c\u0105cego roku uleg\u0142 wypadkowi, w wyniku czego porusza si\u0119 na w\u00f3zku inwalidzkim. Z ca\u0142ego serca pragniemy pom\u00f3c Kamilowi stan\u0105\u0107 na nogi w zwi\u0105zku z czym serdecznie zach\u0119camy do pomocy 4 maja (niedziela) na KJS (Konkursowa Jazda Samochodem), podczas kt\u00f3rego odb\u0119dzie si\u0119 zbi\u00f3rka pieni\u0119dzy na kosztowne i intensywne rehabilitacje. &hellip; <a href=\"https:\/\/www.marcinwilk.eu\/en\/2014\/04\/rajd-dla-kamila\/\" class=\"more-link\">Continue reading<span class=\"screen-reader-text\"> \"Rajd dla Kamila\"<\/span><\/a><\/p>\n","protected":false},"author":1,"featured_media":0,"comment_status":"open","ping_status":"open","sticky":false,"template":"","format":"standard","meta":{"footnotes":""},"categories":[1],"tags":[],"class_list":["post-452","post","type-post","status-publish","format-standard","hentry","category-life"],"_links":{"self":[{"href":"https:\/\/www.marcinwilk.eu\/en\/wp-json\/wp\/v2\/posts\/452","targetHints":{"allow":["GET"]}}],"collection":[{"href":"https:\/\/www.marcinwilk.eu\/en\/wp-json\/wp\/v2\/posts"}],"about":[{"href":"https:\/\/www.marcinwilk.eu\/en\/wp-json\/wp\/v2\/types\/post"}],"author":[{"embeddable":true,"href":"https:\/\/www.marcinwilk.eu\/en\/wp-json\/wp\/v2\/users\/1"}],"replies":[{"embeddable":true,"href":"https:\/\/www.marcinwilk.eu\/en\/wp-json\/wp\/v2\/comments?post=452"}],"version-history":[{"count":0,"href":"https:\/\/www.marcinwilk.eu\/en\/wp-json\/wp\/v2\/posts\/452\/revisions"}],"wp:attachment":[{"href":"https:\/\/www.marcinwilk.eu\/en\/wp-json\/wp\/v2\/media?parent=452"}],"wp:term":[{"taxonomy":"category","embeddable":true,"href":"https:\/\/www.marcinwilk.eu\/en\/wp-json\/wp\/v2\/categories?post=452"},{"taxonomy":"post_tag","embeddable":true,"href":"https:\/\/www.marcinwilk.eu\/en\/wp-json\/wp\/v2\/tags?post=452"}],"curies":[{"name":"wp","href":"https:\/\/api.w.org\/{rel}","templated":true}]}}